{"id":721,"date":"2014-06-15T10:01:48","date_gmt":"2014-06-15T10:01:48","guid":{"rendered":"http:\/\/sportskanonen.org\/?p=721"},"modified":"2014-06-15T10:01:48","modified_gmt":"2014-06-15T10:01:48","slug":"so-war-das-sommerfest-2014","status":"publish","type":"post","link":"http:\/\/sportskanonen.org\/?p=721","title":{"rendered":"Das war das Sommerfest 2014"},"content":{"rendered":"<p><strong><span style=\"color:#ff6600;text-decoration:underline;\">Sommerfest 2014<\/span><\/strong><\/p>\n<p>Mit einem sportlichen Sommerfest unter dem Dach der Mehrzweckhalle Weinitzen gingen die Sportskanonen die verdiente Sommerpause.<\/p>\n<p>Ein erfolgreiches erstes Vereinsjahr ging damit zu Ende!<\/p>\n<p><!--more--><\/p>\n<p>Aufgrund wechselhafter Wetterbedingungen am Freitag dem 13.7.2014 fand das Sommerfest der Sportskanonen in der Mehrzweckhalle Weinitzen statt &#8211; und das mit riesengro\u00dfem Erfolg.<br \/>\nF\u00fcr \u00fcber 100 G\u00e4ste wurde der Turnsaal in einen gro\u00dfen \u201eSpielplatz\u201c umgebaut und bot reichlich Platz f\u00fcr eine H\u00fcpfburg, viele verschiedene Sport- und Spielger\u00e4te f\u00fcr Gro\u00df, Klein und Ganzklein.<\/p>\n<p>Zus\u00e4tzlich gab es eine Wettkampfzone , in der sich im Laufe der drei Stunden alle mit viel Einsatz \u201ematchten\u201c. Dabei stand der Spa\u00df an vorderster Stelle!<\/p>\n<p>Entspannt wurde bei Fruchts\u00e4ften aus der Region, hausgemachten Kuchen und frisch gekochten Frankfurtern.<br \/>\nF\u00fcr einen reibungslosen Ablauf und gute Stimmung sorgte DJ M\u00e4d M\u00e4xx, der mit Charme und Witz durch eine sehr lebendige Veranstaltung f\u00fchrte.<\/p>\n<p>Das Team der Sportskanonen inklusive Theo bedanken sich bei allen Besuchern und w\u00fcnschen einen erholsamen Sommer!<\/p>\n<p>Haltet euch fit \u2013 wir freuen uns schon auf das n\u00e4chste sportliche Semester!<\/p>\n","protected":false},"excerpt":{"rendered":"<p>Sommerfest 2014 Mit einem sportlichen Sommerfest unter dem Dach der Mehrzweckhalle Weinitzen gingen die Sportskanonen die verdiente Sommerpause. Ein erfolgreiches erstes Vereinsjahr ging damit zu Ende!<\/p>\n","protected":false},"author":1,"featured_media":0,"comment_status":"closed","ping_status":"open","sticky":false,"template":"","format":"standard","meta":[],"categories":[3],"tags":[],"_links":{"self":[{"href":"http:\/\/sportskanonen.org\/index.php?rest_route=\/wp\/v2\/posts\/721"}],"collection":[{"href":"http:\/\/sportskanonen.org\/index.php?rest_route=\/wp\/v2\/posts"}],"about":[{"href":"http:\/\/sportskanonen.org\/index.php?rest_route=\/wp\/v2\/types\/post"}],"author":[{"embeddable":true,"href":"http:\/\/sportskanonen.org\/index.php?rest_route=\/wp\/v2\/users\/1"}],"replies":[{"embeddable":true,"href":"http:\/\/sportskanonen.org\/index.php?rest_route=%2Fwp%2Fv2%2Fcomments&post=721"}],"version-history":[{"count":0,"href":"http:\/\/sportskanonen.org\/index.php?rest_route=\/wp\/v2\/posts\/721\/revisions"}],"wp:attachment":[{"href":"http:\/\/sportskanonen.org\/index.php?rest_route=%2Fwp%2Fv2%2Fmedia&parent=721"}],"wp:term":[{"taxonomy":"category","embeddable":true,"href":"http:\/\/sportskanonen.org\/index.php?rest_route=%2Fwp%2Fv2%2Fcategories&post=721"},{"taxonomy":"post_tag","embeddable":true,"href":"http:\/\/sportskanonen.org\/index.php?rest_route=%2Fwp%2Fv2%2Ftags&post=721"}],"curies":[{"name":"wp","href":"https:\/\/api.w.org\/{rel}","templated":true}]}}