{"id":2122,"date":"2020-05-24T22:39:27","date_gmt":"2020-05-24T20:39:27","guid":{"rendered":"http:\/\/sportskanonen.org\/?p=2122"},"modified":"2020-08-25T20:31:11","modified_gmt":"2020-08-25T18:31:11","slug":"neu-unsere-outdoorkurse","status":"publish","type":"post","link":"http:\/\/sportskanonen.org\/?p=2122","title":{"rendered":"NEU!!!                                Unsere Outdoorkurse im                  Sommer 2020"},"content":{"rendered":"\n<p> <\/p>\n\n\n\n<p class=\"has-medium-font-size\">Aufgrund der aktuellen Bestimmungen bez\u00fcglich des Abhaltens von Sportkursen gibt es im Kursprogramm der Sportskanonen \u00c4nderungen. Es finden im Sommersemester ausschlie\u00dflich Kurse im Freien unter Einhaltung aller notwendigen und vorgeschriebenen Regeln statt. <\/p>\n\n\n\n<p class=\"has-medium-font-size\">Unter <strong>Outdoor &#8211; Kurse SS 2020<\/strong> sind weitere Details zu den Kursen zu finden.<\/p>\n\n\n\n<p class=\"has-medium-font-size\">Der Vorstand der Sportskanonen w\u00fcnscht allen Kindern viel Spa\u00df und freut sich auf eine Normalisierung der Kurse ab dem Herbstsemester.<\/p>\n","protected":false},"excerpt":{"rendered":"<p>Aufgrund der aktuellen Bestimmungen bez\u00fcglich des Abhaltens von Sportkursen gibt es im Kursprogramm der Sportskanonen \u00c4nderungen. Es finden im Sommersemester ausschlie\u00dflich Kurse im Freien unter Einhaltung aller notwendigen und vorgeschriebenen Regeln statt. Unter Outdoor &#8211; Kurse SS 2020 sind weitere Details zu den Kursen zu finden. Der Vorstand der Sportskanonen w\u00fcnscht allen Kindern viel Spa\u00df &hellip; <a href=\"http:\/\/sportskanonen.org\/?p=2122\" class=\"more-link\"><span class=\"screen-reader-text\">NEU!!!                                Unsere Outdoorkurse im                  Sommer 2020<\/span> weiterlesen <span class=\"meta-nav\">&rarr;<\/span><\/a><\/p>\n","protected":false},"author":1,"featured_media":0,"comment_status":"closed","ping_status":"closed","sticky":false,"template":"","format":"standard","meta":[],"categories":[1],"tags":[],"_links":{"self":[{"href":"http:\/\/sportskanonen.org\/index.php?rest_route=\/wp\/v2\/posts\/2122"}],"collection":[{"href":"http:\/\/sportskanonen.org\/index.php?rest_route=\/wp\/v2\/posts"}],"about":[{"href":"http:\/\/sportskanonen.org\/index.php?rest_route=\/wp\/v2\/types\/post"}],"author":[{"embeddable":true,"href":"http:\/\/sportskanonen.org\/index.php?rest_route=\/wp\/v2\/users\/1"}],"replies":[{"embeddable":true,"href":"http:\/\/sportskanonen.org\/index.php?rest_route=%2Fwp%2Fv2%2Fcomments&post=2122"}],"version-history":[{"count":15,"href":"http:\/\/sportskanonen.org\/index.php?rest_route=\/wp\/v2\/posts\/2122\/revisions"}],"predecessor-version":[{"id":2231,"href":"http:\/\/sportskanonen.org\/index.php?rest_route=\/wp\/v2\/posts\/2122\/revisions\/2231"}],"wp:attachment":[{"href":"http:\/\/sportskanonen.org\/index.php?rest_route=%2Fwp%2Fv2%2Fmedia&parent=2122"}],"wp:term":[{"taxonomy":"category","embeddable":true,"href":"http:\/\/sportskanonen.org\/index.php?rest_route=%2Fwp%2Fv2%2Fcategories&post=2122"},{"taxonomy":"post_tag","embeddable":true,"href":"http:\/\/sportskanonen.org\/index.php?rest_route=%2Fwp%2Fv2%2Ftags&post=2122"}],"curies":[{"name":"wp","href":"https:\/\/api.w.org\/{rel}","templated":true}]}}