{"id":1221,"date":"2016-03-04T14:48:23","date_gmt":"2016-03-04T12:48:23","guid":{"rendered":"http:\/\/sportskanonen.org\/?p=1221"},"modified":"2016-03-05T16:54:23","modified_gmt":"2016-03-05T14:54:23","slug":"neuer-termin-fuer-unsere-midi-sportskanonen","status":"publish","type":"post","link":"http:\/\/sportskanonen.org\/?p=1221","title":{"rendered":"NEUER TERMIN f\u00fcr unsere MIDI-Sportskanonen"},"content":{"rendered":"<p>Liebe MIDI Sportskanonen!<\/p>\n<p>Nach z\u00e4hen Verhandlungen haben wir einen neuen, fixen Termin f\u00fcr unser <strong>MIDIs<\/strong> festlegen k\u00f6nnen.<\/p>\n<p><!--more--><\/p>\n<p>Der Kurs findet zuk\u00fcnftig am \u00a0\u00a0<strong><span style=\"color: #ff6600;\">Mittwoch von 15.00 &#8211; 16.00 Uhr \u00a0<\/span> <\/strong>statt. \u00a0 \u00a0 \u00a0 \u00a0 \u00a0 \u00a0 \u00a0 \u00a0 \u00a0 \u00a0 \u00a0 \u00a0 \u00a0 \u00a0 \u00a0 \u00a0 \u00a0 \u00a0 \u00a0 \u00a0 \u00a0Wir starten am<strong><span style=\"color: #ff6600;\"> 9.3.2016!<\/span><\/strong><\/p>\n<p>Bitte um fixe Anmeldung \u00fcber unsere Homepage oder per SMS an <strong>0676\/6145616<\/strong>!<strong> \u00a0 \u00a0 \u00a0 \u00a0 \u00a0<\/strong> \u00a0 \u00a0Der Kurs findet erst ab 10 angemeldeten Kindern statt.<\/p>\n<p>Kinder, die sich in der Nachmittagsbetreuung im Kindergarten Weinitzen befinden, holen wir gerne mit eurem Einverst\u00e4ndnis zum Turnen ab!<\/p>\n<p>Moni &amp; ich freuen uns auf viele MIDIS!!<\/p>\n","protected":false},"excerpt":{"rendered":"<p>Liebe MIDI Sportskanonen! Nach z\u00e4hen Verhandlungen haben wir einen neuen, fixen Termin f\u00fcr unser MIDIs festlegen k\u00f6nnen.<\/p>\n","protected":false},"author":1,"featured_media":0,"comment_status":"closed","ping_status":"closed","sticky":false,"template":"","format":"standard","meta":[],"categories":[1],"tags":[],"_links":{"self":[{"href":"http:\/\/sportskanonen.org\/index.php?rest_route=\/wp\/v2\/posts\/1221"}],"collection":[{"href":"http:\/\/sportskanonen.org\/index.php?rest_route=\/wp\/v2\/posts"}],"about":[{"href":"http:\/\/sportskanonen.org\/index.php?rest_route=\/wp\/v2\/types\/post"}],"author":[{"embeddable":true,"href":"http:\/\/sportskanonen.org\/index.php?rest_route=\/wp\/v2\/users\/1"}],"replies":[{"embeddable":true,"href":"http:\/\/sportskanonen.org\/index.php?rest_route=%2Fwp%2Fv2%2Fcomments&post=1221"}],"version-history":[{"count":7,"href":"http:\/\/sportskanonen.org\/index.php?rest_route=\/wp\/v2\/posts\/1221\/revisions"}],"predecessor-version":[{"id":1229,"href":"http:\/\/sportskanonen.org\/index.php?rest_route=\/wp\/v2\/posts\/1221\/revisions\/1229"}],"wp:attachment":[{"href":"http:\/\/sportskanonen.org\/index.php?rest_route=%2Fwp%2Fv2%2Fmedia&parent=1221"}],"wp:term":[{"taxonomy":"category","embeddable":true,"href":"http:\/\/sportskanonen.org\/index.php?rest_route=%2Fwp%2Fv2%2Fcategories&post=1221"},{"taxonomy":"post_tag","embeddable":true,"href":"http:\/\/sportskanonen.org\/index.php?rest_route=%2Fwp%2Fv2%2Ftags&post=1221"}],"curies":[{"name":"wp","href":"https:\/\/api.w.org\/{rel}","templated":true}]}}